{"id":3293,"date":"2026-04-29T22:45:20","date_gmt":"2026-04-29T20:45:20","guid":{"rendered":"https:\/\/eduard-moerike-schule.de\/?p=3293"},"modified":"2026-04-29T22:45:22","modified_gmt":"2026-04-29T20:45:22","slug":"besuch-bei-der-feuerwehr","status":"publish","type":"post","link":"https:\/\/eduard-moerike-schule.de\/index.php\/2026\/04\/29\/besuch-bei-der-feuerwehr\/","title":{"rendered":"Besuch bei der Feuerwehr"},"content":{"rendered":"\n<p>Im Rahmen der Brandschutzerziehung machten sich die Klassen 4a und 4b auf den Weg zur Feuerwehr in Blaustein und erlebten dort einen spannenden und lehrreichen Vormittag. Die Feuerwehrleute erkl\u00e4rten den Kindern anschaulich und kindgerecht, wie sie sich im Notfall richtig verhalten und worauf es im Ernstfall ankommt.<br>Ein besonderes Highlight war die Erkundung der Feuerwehrfahrzeuge. Mit gro\u00dfer Neugier durften die Sch\u00fclerinnen und Sch\u00fcler die Ausr\u00fcstung betrachten und auch einen Blick in die Fahrzeuge werfen. Dabei blieb keine Frage unbeantwortet \u2013 die Feuerwehrleute nahmen sich viel Zeit und erkl\u00e4rten alles geduldig und verst\u00e4ndlich.<br>Ein herzliches Dankesch\u00f6n an das Team der Feuerwehr Blaustein f\u00fcr diesen eindrucksvollen Einblick in ihre wichtige Arbeit!<\/p>\n\n\n\n<div class=\"wp-block-columns is-layout-flex wp-container-core-columns-is-layout-9d6595d7 wp-block-columns-is-layout-flex\">\n<div class=\"wp-block-column is-layout-flow wp-block-column-is-layout-flow\">\n<figure class=\"wp-block-image size-large\"><img loading=\"lazy\" decoding=\"async\" width=\"1024\" height=\"768\" src=\"https:\/\/eduard-moerike-schule.de\/wp-content\/uploads\/2026\/04\/IMG_6581-1024x768.jpeg\" alt=\"\" class=\"wp-image-3294\" srcset=\"https:\/\/eduard-moerike-schule.de\/wp-content\/uploads\/2026\/04\/IMG_6581-1024x768.jpeg 1024w, https:\/\/eduard-moerike-schule.de\/wp-content\/uploads\/2026\/04\/IMG_6581-300x225.jpeg 300w, https:\/\/eduard-moerike-schule.de\/wp-content\/uploads\/2026\/04\/IMG_6581-768x576.jpeg 768w, https:\/\/eduard-moerike-schule.de\/wp-content\/uploads\/2026\/04\/IMG_6581-1536x1152.jpeg 1536w, https:\/\/eduard-moerike-schule.de\/wp-content\/uploads\/2026\/04\/IMG_6581-2048x1536.jpeg 2048w, https:\/\/eduard-moerike-schule.de\/wp-content\/uploads\/2026\/04\/IMG_6581-24x18.jpeg 24w, https:\/\/eduard-moerike-schule.de\/wp-content\/uploads\/2026\/04\/IMG_6581-36x27.jpeg 36w, https:\/\/eduard-moerike-schule.de\/wp-content\/uploads\/2026\/04\/IMG_6581-48x36.jpeg 48w\" sizes=\"auto, (max-width: 706px) 89vw, (max-width: 767px) 82vw, 740px\" \/><\/figure>\n<\/div>\n\n\n\n<div class=\"wp-block-column is-layout-flow wp-block-column-is-layout-flow\">\n<figure class=\"wp-block-image size-large\"><img loading=\"lazy\" decoding=\"async\" width=\"1024\" height=\"768\" src=\"https:\/\/eduard-moerike-schule.de\/wp-content\/uploads\/2026\/04\/IMG_6564-1024x768.jpeg\" alt=\"\" class=\"wp-image-3295\" srcset=\"https:\/\/eduard-moerike-schule.de\/wp-content\/uploads\/2026\/04\/IMG_6564-1024x768.jpeg 1024w, https:\/\/eduard-moerike-schule.de\/wp-content\/uploads\/2026\/04\/IMG_6564-300x225.jpeg 300w, https:\/\/eduard-moerike-schule.de\/wp-content\/uploads\/2026\/04\/IMG_6564-768x576.jpeg 768w, https:\/\/eduard-moerike-schule.de\/wp-content\/uploads\/2026\/04\/IMG_6564-1536x1152.jpeg 1536w, https:\/\/eduard-moerike-schule.de\/wp-content\/uploads\/2026\/04\/IMG_6564-2048x1536.jpeg 2048w, https:\/\/eduard-moerike-schule.de\/wp-content\/uploads\/2026\/04\/IMG_6564-24x18.jpeg 24w, https:\/\/eduard-moerike-schule.de\/wp-content\/uploads\/2026\/04\/IMG_6564-36x27.jpeg 36w, https:\/\/eduard-moerike-schule.de\/wp-content\/uploads\/2026\/04\/IMG_6564-48x36.jpeg 48w\" sizes=\"auto, (max-width: 706px) 89vw, (max-width: 767px) 82vw, 740px\" \/><\/figure>\n<\/div>\n<\/div>\n\n\n\n<div class=\"wp-block-columns is-layout-flex wp-container-core-columns-is-layout-9d6595d7 wp-block-columns-is-layout-flex\">\n<div class=\"wp-block-column is-layout-flow wp-block-column-is-layout-flow\">\n<figure class=\"wp-block-image size-large\"><img loading=\"lazy\" decoding=\"async\" width=\"768\" height=\"1024\" src=\"https:\/\/eduard-moerike-schule.de\/wp-content\/uploads\/2026\/04\/IMG_6670-768x1024.jpeg\" alt=\"\" class=\"wp-image-3296\" srcset=\"https:\/\/eduard-moerike-schule.de\/wp-content\/uploads\/2026\/04\/IMG_6670-768x1024.jpeg 768w, https:\/\/eduard-moerike-schule.de\/wp-content\/uploads\/2026\/04\/IMG_6670-225x300.jpeg 225w, https:\/\/eduard-moerike-schule.de\/wp-content\/uploads\/2026\/04\/IMG_6670-1152x1536.jpeg 1152w, https:\/\/eduard-moerike-schule.de\/wp-content\/uploads\/2026\/04\/IMG_6670-1536x2048.jpeg 1536w, https:\/\/eduard-moerike-schule.de\/wp-content\/uploads\/2026\/04\/IMG_6670-18x24.jpeg 18w, https:\/\/eduard-moerike-schule.de\/wp-content\/uploads\/2026\/04\/IMG_6670-27x36.jpeg 27w, https:\/\/eduard-moerike-schule.de\/wp-content\/uploads\/2026\/04\/IMG_6670-36x48.jpeg 36w, https:\/\/eduard-moerike-schule.de\/wp-content\/uploads\/2026\/04\/IMG_6670-scaled.jpeg 1920w\" sizes=\"auto, (max-width: 706px) 89vw, (max-width: 767px) 82vw, 740px\" \/><\/figure>\n<\/div>\n\n\n\n<div class=\"wp-block-column is-layout-flow wp-block-column-is-layout-flow\">\n<figure class=\"wp-block-image size-large\"><img loading=\"lazy\" decoding=\"async\" width=\"768\" height=\"1024\" src=\"https:\/\/eduard-moerike-schule.de\/wp-content\/uploads\/2026\/04\/IMG_6597-768x1024.jpeg\" alt=\"\" class=\"wp-image-3297\" srcset=\"https:\/\/eduard-moerike-schule.de\/wp-content\/uploads\/2026\/04\/IMG_6597-768x1024.jpeg 768w, https:\/\/eduard-moerike-schule.de\/wp-content\/uploads\/2026\/04\/IMG_6597-225x300.jpeg 225w, https:\/\/eduard-moerike-schule.de\/wp-content\/uploads\/2026\/04\/IMG_6597-1152x1536.jpeg 1152w, https:\/\/eduard-moerike-schule.de\/wp-content\/uploads\/2026\/04\/IMG_6597-1536x2048.jpeg 1536w, https:\/\/eduard-moerike-schule.de\/wp-content\/uploads\/2026\/04\/IMG_6597-18x24.jpeg 18w, https:\/\/eduard-moerike-schule.de\/wp-content\/uploads\/2026\/04\/IMG_6597-27x36.jpeg 27w, https:\/\/eduard-moerike-schule.de\/wp-content\/uploads\/2026\/04\/IMG_6597-36x48.jpeg 36w, https:\/\/eduard-moerike-schule.de\/wp-content\/uploads\/2026\/04\/IMG_6597-scaled.jpeg 1920w\" sizes=\"auto, (max-width: 706px) 89vw, (max-width: 767px) 82vw, 740px\" \/><\/figure>\n<\/div>\n<\/div>\n","protected":false},"excerpt":{"rendered":"<p>Im Rahmen der Brandschutzerziehung machten sich die Klassen 4a und 4b auf den Weg zur Feuerwehr in Blaustein und erlebten dort einen spannenden und lehrreichen Vormittag. Die Feuerwehrleute erkl\u00e4rten den Kindern anschaulich und kindgerecht, wie sie sich im Notfall richtig verhalten und worauf es im Ernstfall ankommt.Ein besonderes Highlight war die Erkundung der Feuerwehrfahrzeuge. Mit &hellip; <\/p>\n<p class=\"link-more\"><a href=\"https:\/\/eduard-moerike-schule.de\/index.php\/2026\/04\/29\/besuch-bei-der-feuerwehr\/\" class=\"more-link\"><span class=\"screen-reader-text\">\u201eBesuch bei der Feuerwehr\u201c <\/span>weiterlesen<\/a><\/p>\n","protected":false},"author":6,"featured_media":0,"comment_status":"closed","ping_status":"open","sticky":false,"template":"","format":"standard","meta":{"footnotes":""},"categories":[1],"tags":[],"class_list":["post-3293","post","type-post","status-publish","format-standard","hentry","category-allgemein"],"yoast_head":"<!-- This site is optimized with the Yoast SEO plugin v27.1.1 - https:\/\/yoast.com\/product\/yoast-seo-wordpress\/ -->\n<title>Besuch bei der Feuerwehr - Eduard-M\u00f6rike-Grundschule Blaustein<\/title>\n<meta name=\"robots\" content=\"index, follow, max-snippet:-1, max-image-preview:large, max-video-preview:-1\" \/>\n<link rel=\"canonical\" href=\"https:\/\/eduard-moerike-schule.de\/index.php\/2026\/04\/29\/besuch-bei-der-feuerwehr\/\" \/>\n<meta property=\"og:locale\" content=\"de_DE\" \/>\n<meta property=\"og:type\" content=\"article\" \/>\n<meta property=\"og:title\" content=\"Besuch bei der Feuerwehr - Eduard-M\u00f6rike-Grundschule Blaustein\" \/>\n<meta property=\"og:description\" content=\"Im Rahmen der Brandschutzerziehung machten sich die Klassen 4a und 4b auf den Weg zur Feuerwehr in Blaustein und erlebten dort einen spannenden und lehrreichen Vormittag. Die Feuerwehrleute erkl\u00e4rten den Kindern anschaulich und kindgerecht, wie sie sich im Notfall richtig verhalten und worauf es im Ernstfall ankommt.Ein besonderes Highlight war die Erkundung der Feuerwehrfahrzeuge. Mit &hellip; \u201eBesuch bei der Feuerwehr\u201c weiterlesen\" \/>\n<meta property=\"og:url\" content=\"https:\/\/eduard-moerike-schule.de\/index.php\/2026\/04\/29\/besuch-bei-der-feuerwehr\/\" \/>\n<meta property=\"og:site_name\" content=\"Eduard-M\u00f6rike-Grundschule Blaustein\" \/>\n<meta property=\"article:published_time\" content=\"2026-04-29T20:45:20+00:00\" \/>\n<meta property=\"article:modified_time\" content=\"2026-04-29T20:45:22+00:00\" \/>\n<meta property=\"og:image\" content=\"https:\/\/eduard-moerike-schule.de\/wp-content\/uploads\/2026\/04\/IMG_6581-scaled.jpeg\" \/>\n\t<meta property=\"og:image:width\" content=\"2560\" \/>\n\t<meta property=\"og:image:height\" content=\"1920\" \/>\n\t<meta property=\"og:image:type\" content=\"image\/jpeg\" \/>\n<meta name=\"author\" content=\"Anna Gerbaulet\" \/>\n<meta name=\"twitter:card\" content=\"summary_large_image\" \/>\n<meta name=\"twitter:label1\" content=\"Verfasst von\" \/>\n\t<meta name=\"twitter:data1\" content=\"Anna Gerbaulet\" \/>\n\t<meta name=\"twitter:label2\" content=\"Gesch\u00e4tzte Lesezeit\" \/>\n\t<meta name=\"twitter:data2\" content=\"2\u00a0Minuten\" \/>\n<script type=\"application\/ld+json\" class=\"yoast-schema-graph\">{\"@context\":\"https:\/\/schema.org\",\"@graph\":[{\"@type\":\"Article\",\"@id\":\"https:\/\/eduard-moerike-schule.de\/index.php\/2026\/04\/29\/besuch-bei-der-feuerwehr\/#article\",\"isPartOf\":{\"@id\":\"https:\/\/eduard-moerike-schule.de\/index.php\/2026\/04\/29\/besuch-bei-der-feuerwehr\/\"},\"author\":{\"name\":\"Anna Gerbaulet\",\"@id\":\"https:\/\/eduard-moerike-schule.de\/#\/schema\/person\/e0ce6667e92bb1dbc2b4515095847618\"},\"headline\":\"Besuch bei der Feuerwehr\",\"datePublished\":\"2026-04-29T20:45:20+00:00\",\"dateModified\":\"2026-04-29T20:45:22+00:00\",\"mainEntityOfPage\":{\"@id\":\"https:\/\/eduard-moerike-schule.de\/index.php\/2026\/04\/29\/besuch-bei-der-feuerwehr\/\"},\"wordCount\":121,\"publisher\":{\"@id\":\"https:\/\/eduard-moerike-schule.de\/#organization\"},\"image\":{\"@id\":\"https:\/\/eduard-moerike-schule.de\/index.php\/2026\/04\/29\/besuch-bei-der-feuerwehr\/#primaryimage\"},\"thumbnailUrl\":\"https:\/\/eduard-moerike-schule.de\/wp-content\/uploads\/2026\/04\/IMG_6581-1024x768.jpeg\",\"inLanguage\":\"de\"},{\"@type\":\"WebPage\",\"@id\":\"https:\/\/eduard-moerike-schule.de\/index.php\/2026\/04\/29\/besuch-bei-der-feuerwehr\/\",\"url\":\"https:\/\/eduard-moerike-schule.de\/index.php\/2026\/04\/29\/besuch-bei-der-feuerwehr\/\",\"name\":\"Besuch bei der Feuerwehr - Eduard-M\u00f6rike-Grundschule Blaustein\",\"isPartOf\":{\"@id\":\"https:\/\/eduard-moerike-schule.de\/#website\"},\"primaryImageOfPage\":{\"@id\":\"https:\/\/eduard-moerike-schule.de\/index.php\/2026\/04\/29\/besuch-bei-der-feuerwehr\/#primaryimage\"},\"image\":{\"@id\":\"https:\/\/eduard-moerike-schule.de\/index.php\/2026\/04\/29\/besuch-bei-der-feuerwehr\/#primaryimage\"},\"thumbnailUrl\":\"https:\/\/eduard-moerike-schule.de\/wp-content\/uploads\/2026\/04\/IMG_6581-1024x768.jpeg\",\"datePublished\":\"2026-04-29T20:45:20+00:00\",\"dateModified\":\"2026-04-29T20:45:22+00:00\",\"breadcrumb\":{\"@id\":\"https:\/\/eduard-moerike-schule.de\/index.php\/2026\/04\/29\/besuch-bei-der-feuerwehr\/#breadcrumb\"},\"inLanguage\":\"de\",\"potentialAction\":[{\"@type\":\"ReadAction\",\"target\":[\"https:\/\/eduard-moerike-schule.de\/index.php\/2026\/04\/29\/besuch-bei-der-feuerwehr\/\"]}]},{\"@type\":\"ImageObject\",\"inLanguage\":\"de\",\"@id\":\"https:\/\/eduard-moerike-schule.de\/index.php\/2026\/04\/29\/besuch-bei-der-feuerwehr\/#primaryimage\",\"url\":\"https:\/\/eduard-moerike-schule.de\/wp-content\/uploads\/2026\/04\/IMG_6581-scaled.jpeg\",\"contentUrl\":\"https:\/\/eduard-moerike-schule.de\/wp-content\/uploads\/2026\/04\/IMG_6581-scaled.jpeg\",\"width\":2560,\"height\":1920},{\"@type\":\"BreadcrumbList\",\"@id\":\"https:\/\/eduard-moerike-schule.de\/index.php\/2026\/04\/29\/besuch-bei-der-feuerwehr\/#breadcrumb\",\"itemListElement\":[{\"@type\":\"ListItem\",\"position\":1,\"name\":\"Startseite\",\"item\":\"https:\/\/eduard-moerike-schule.de\/\"},{\"@type\":\"ListItem\",\"position\":2,\"name\":\"Besuch bei der Feuerwehr\"}]},{\"@type\":\"WebSite\",\"@id\":\"https:\/\/eduard-moerike-schule.de\/#website\",\"url\":\"https:\/\/eduard-moerike-schule.de\/\",\"name\":\"Eduard-M\u00f6rike-Grundschule Blaustein\",\"description\":\"Bunt &amp; Stark\",\"publisher\":{\"@id\":\"https:\/\/eduard-moerike-schule.de\/#organization\"},\"potentialAction\":[{\"@type\":\"SearchAction\",\"target\":{\"@type\":\"EntryPoint\",\"urlTemplate\":\"https:\/\/eduard-moerike-schule.de\/?s={search_term_string}\"},\"query-input\":{\"@type\":\"PropertyValueSpecification\",\"valueRequired\":true,\"valueName\":\"search_term_string\"}}],\"inLanguage\":\"de\"},{\"@type\":\"Organization\",\"@id\":\"https:\/\/eduard-moerike-schule.de\/#organization\",\"name\":\"Eduard-M\u00f6rike-Schule Blaustein\",\"url\":\"https:\/\/eduard-moerike-schule.de\/\",\"logo\":{\"@type\":\"ImageObject\",\"inLanguage\":\"de\",\"@id\":\"https:\/\/eduard-moerike-schule.de\/#\/schema\/logo\/image\/\",\"url\":\"https:\/\/eduard-moerike-schule.de\/wp-content\/uploads\/2017\/11\/logo_1000.jpg\",\"contentUrl\":\"https:\/\/eduard-moerike-schule.de\/wp-content\/uploads\/2017\/11\/logo_1000.jpg\",\"width\":1000,\"height\":356,\"caption\":\"Eduard-M\u00f6rike-Schule Blaustein\"},\"image\":{\"@id\":\"https:\/\/eduard-moerike-schule.de\/#\/schema\/logo\/image\/\"}},{\"@type\":\"Person\",\"@id\":\"https:\/\/eduard-moerike-schule.de\/#\/schema\/person\/e0ce6667e92bb1dbc2b4515095847618\",\"name\":\"Anna Gerbaulet\",\"image\":{\"@type\":\"ImageObject\",\"inLanguage\":\"de\",\"@id\":\"https:\/\/eduard-moerike-schule.de\/#\/schema\/person\/image\/\",\"url\":\"https:\/\/secure.gravatar.com\/avatar\/8a478e0dcbab7182a1140cfe3d78877ba6573933c96c9d3663b95cf9dad25215?s=96&d=mm&r=g\",\"contentUrl\":\"https:\/\/secure.gravatar.com\/avatar\/8a478e0dcbab7182a1140cfe3d78877ba6573933c96c9d3663b95cf9dad25215?s=96&d=mm&r=g\",\"caption\":\"Anna Gerbaulet\"},\"sameAs\":[\"http:\/\/eduard-moerike-schule.de\"],\"url\":\"https:\/\/eduard-moerike-schule.de\/index.php\/author\/annagerbaulet\/\"}]}<\/script>\n<!-- \/ Yoast SEO plugin. -->","yoast_head_json":{"title":"Besuch bei der Feuerwehr - Eduard-M\u00f6rike-Grundschule Blaustein","robots":{"index":"index","follow":"follow","max-snippet":"max-snippet:-1","max-image-preview":"max-image-preview:large","max-video-preview":"max-video-preview:-1"},"canonical":"https:\/\/eduard-moerike-schule.de\/index.php\/2026\/04\/29\/besuch-bei-der-feuerwehr\/","og_locale":"de_DE","og_type":"article","og_title":"Besuch bei der Feuerwehr - Eduard-M\u00f6rike-Grundschule Blaustein","og_description":"Im Rahmen der Brandschutzerziehung machten sich die Klassen 4a und 4b auf den Weg zur Feuerwehr in Blaustein und erlebten dort einen spannenden und lehrreichen Vormittag. Die Feuerwehrleute erkl\u00e4rten den Kindern anschaulich und kindgerecht, wie sie sich im Notfall richtig verhalten und worauf es im Ernstfall ankommt.Ein besonderes Highlight war die Erkundung der Feuerwehrfahrzeuge. Mit &hellip; \u201eBesuch bei der Feuerwehr\u201c weiterlesen","og_url":"https:\/\/eduard-moerike-schule.de\/index.php\/2026\/04\/29\/besuch-bei-der-feuerwehr\/","og_site_name":"Eduard-M\u00f6rike-Grundschule Blaustein","article_published_time":"2026-04-29T20:45:20+00:00","article_modified_time":"2026-04-29T20:45:22+00:00","og_image":[{"width":2560,"height":1920,"url":"https:\/\/eduard-moerike-schule.de\/wp-content\/uploads\/2026\/04\/IMG_6581-scaled.jpeg","type":"image\/jpeg"}],"author":"Anna Gerbaulet","twitter_card":"summary_large_image","twitter_misc":{"Verfasst von":"Anna Gerbaulet","Gesch\u00e4tzte Lesezeit":"2\u00a0Minuten"},"schema":{"@context":"https:\/\/schema.org","@graph":[{"@type":"Article","@id":"https:\/\/eduard-moerike-schule.de\/index.php\/2026\/04\/29\/besuch-bei-der-feuerwehr\/#article","isPartOf":{"@id":"https:\/\/eduard-moerike-schule.de\/index.php\/2026\/04\/29\/besuch-bei-der-feuerwehr\/"},"author":{"name":"Anna Gerbaulet","@id":"https:\/\/eduard-moerike-schule.de\/#\/schema\/person\/e0ce6667e92bb1dbc2b4515095847618"},"headline":"Besuch bei der Feuerwehr","datePublished":"2026-04-29T20:45:20+00:00","dateModified":"2026-04-29T20:45:22+00:00","mainEntityOfPage":{"@id":"https:\/\/eduard-moerike-schule.de\/index.php\/2026\/04\/29\/besuch-bei-der-feuerwehr\/"},"wordCount":121,"publisher":{"@id":"https:\/\/eduard-moerike-schule.de\/#organization"},"image":{"@id":"https:\/\/eduard-moerike-schule.de\/index.php\/2026\/04\/29\/besuch-bei-der-feuerwehr\/#primaryimage"},"thumbnailUrl":"https:\/\/eduard-moerike-schule.de\/wp-content\/uploads\/2026\/04\/IMG_6581-1024x768.jpeg","inLanguage":"de"},{"@type":"WebPage","@id":"https:\/\/eduard-moerike-schule.de\/index.php\/2026\/04\/29\/besuch-bei-der-feuerwehr\/","url":"https:\/\/eduard-moerike-schule.de\/index.php\/2026\/04\/29\/besuch-bei-der-feuerwehr\/","name":"Besuch bei der Feuerwehr - Eduard-M\u00f6rike-Grundschule Blaustein","isPartOf":{"@id":"https:\/\/eduard-moerike-schule.de\/#website"},"primaryImageOfPage":{"@id":"https:\/\/eduard-moerike-schule.de\/index.php\/2026\/04\/29\/besuch-bei-der-feuerwehr\/#primaryimage"},"image":{"@id":"https:\/\/eduard-moerike-schule.de\/index.php\/2026\/04\/29\/besuch-bei-der-feuerwehr\/#primaryimage"},"thumbnailUrl":"https:\/\/eduard-moerike-schule.de\/wp-content\/uploads\/2026\/04\/IMG_6581-1024x768.jpeg","datePublished":"2026-04-29T20:45:20+00:00","dateModified":"2026-04-29T20:45:22+00:00","breadcrumb":{"@id":"https:\/\/eduard-moerike-schule.de\/index.php\/2026\/04\/29\/besuch-bei-der-feuerwehr\/#breadcrumb"},"inLanguage":"de","potentialAction":[{"@type":"ReadAction","target":["https:\/\/eduard-moerike-schule.de\/index.php\/2026\/04\/29\/besuch-bei-der-feuerwehr\/"]}]},{"@type":"ImageObject","inLanguage":"de","@id":"https:\/\/eduard-moerike-schule.de\/index.php\/2026\/04\/29\/besuch-bei-der-feuerwehr\/#primaryimage","url":"https:\/\/eduard-moerike-schule.de\/wp-content\/uploads\/2026\/04\/IMG_6581-scaled.jpeg","contentUrl":"https:\/\/eduard-moerike-schule.de\/wp-content\/uploads\/2026\/04\/IMG_6581-scaled.jpeg","width":2560,"height":1920},{"@type":"BreadcrumbList","@id":"https:\/\/eduard-moerike-schule.de\/index.php\/2026\/04\/29\/besuch-bei-der-feuerwehr\/#breadcrumb","itemListElement":[{"@type":"ListItem","position":1,"name":"Startseite","item":"https:\/\/eduard-moerike-schule.de\/"},{"@type":"ListItem","position":2,"name":"Besuch bei der Feuerwehr"}]},{"@type":"WebSite","@id":"https:\/\/eduard-moerike-schule.de\/#website","url":"https:\/\/eduard-moerike-schule.de\/","name":"Eduard-M\u00f6rike-Grundschule Blaustein","description":"Bunt &amp; Stark","publisher":{"@id":"https:\/\/eduard-moerike-schule.de\/#organization"},"potentialAction":[{"@type":"SearchAction","target":{"@type":"EntryPoint","urlTemplate":"https:\/\/eduard-moerike-schule.de\/?s={search_term_string}"},"query-input":{"@type":"PropertyValueSpecification","valueRequired":true,"valueName":"search_term_string"}}],"inLanguage":"de"},{"@type":"Organization","@id":"https:\/\/eduard-moerike-schule.de\/#organization","name":"Eduard-M\u00f6rike-Schule Blaustein","url":"https:\/\/eduard-moerike-schule.de\/","logo":{"@type":"ImageObject","inLanguage":"de","@id":"https:\/\/eduard-moerike-schule.de\/#\/schema\/logo\/image\/","url":"https:\/\/eduard-moerike-schule.de\/wp-content\/uploads\/2017\/11\/logo_1000.jpg","contentUrl":"https:\/\/eduard-moerike-schule.de\/wp-content\/uploads\/2017\/11\/logo_1000.jpg","width":1000,"height":356,"caption":"Eduard-M\u00f6rike-Schule Blaustein"},"image":{"@id":"https:\/\/eduard-moerike-schule.de\/#\/schema\/logo\/image\/"}},{"@type":"Person","@id":"https:\/\/eduard-moerike-schule.de\/#\/schema\/person\/e0ce6667e92bb1dbc2b4515095847618","name":"Anna Gerbaulet","image":{"@type":"ImageObject","inLanguage":"de","@id":"https:\/\/eduard-moerike-schule.de\/#\/schema\/person\/image\/","url":"https:\/\/secure.gravatar.com\/avatar\/8a478e0dcbab7182a1140cfe3d78877ba6573933c96c9d3663b95cf9dad25215?s=96&d=mm&r=g","contentUrl":"https:\/\/secure.gravatar.com\/avatar\/8a478e0dcbab7182a1140cfe3d78877ba6573933c96c9d3663b95cf9dad25215?s=96&d=mm&r=g","caption":"Anna Gerbaulet"},"sameAs":["http:\/\/eduard-moerike-schule.de"],"url":"https:\/\/eduard-moerike-schule.de\/index.php\/author\/annagerbaulet\/"}]}},"_links":{"self":[{"href":"https:\/\/eduard-moerike-schule.de\/index.php\/wp-json\/wp\/v2\/posts\/3293","targetHints":{"allow":["GET"]}}],"collection":[{"href":"https:\/\/eduard-moerike-schule.de\/index.php\/wp-json\/wp\/v2\/posts"}],"about":[{"href":"https:\/\/eduard-moerike-schule.de\/index.php\/wp-json\/wp\/v2\/types\/post"}],"author":[{"embeddable":true,"href":"https:\/\/eduard-moerike-schule.de\/index.php\/wp-json\/wp\/v2\/users\/6"}],"replies":[{"embeddable":true,"href":"https:\/\/eduard-moerike-schule.de\/index.php\/wp-json\/wp\/v2\/comments?post=3293"}],"version-history":[{"count":1,"href":"https:\/\/eduard-moerike-schule.de\/index.php\/wp-json\/wp\/v2\/posts\/3293\/revisions"}],"predecessor-version":[{"id":3298,"href":"https:\/\/eduard-moerike-schule.de\/index.php\/wp-json\/wp\/v2\/posts\/3293\/revisions\/3298"}],"wp:attachment":[{"href":"https:\/\/eduard-moerike-schule.de\/index.php\/wp-json\/wp\/v2\/media?parent=3293"}],"wp:term":[{"taxonomy":"category","embeddable":true,"href":"https:\/\/eduard-moerike-schule.de\/index.php\/wp-json\/wp\/v2\/categories?post=3293"},{"taxonomy":"post_tag","embeddable":true,"href":"https:\/\/eduard-moerike-schule.de\/index.php\/wp-json\/wp\/v2\/tags?post=3293"}],"curies":[{"name":"wp","href":"https:\/\/api.w.org\/{rel}","templated":true}]}}